{"id":3275,"date":"2020-11-13T11:47:49","date_gmt":"2020-11-13T10:47:49","guid":{"rendered":"https:\/\/sohopark.22projects.sk\/investujte-do-pozemkov\/"},"modified":"2020-12-10T10:05:58","modified_gmt":"2020-12-10T09:05:58","slug":"investujte-do-pozemkov","status":"publish","type":"post","link":"https:\/\/www.sohopark.sk\/hu\/investujte-do-pozemkov\/","title":{"rendered":"Fektessen \u00e9p\u00edt\u00e9si telkekbe"},"content":{"rendered":"<p><strong>A koronakr\u00edzis \u00e1talak\u00edtotta az emberek v\u00e1s\u00e1rl\u00e1si szok\u00e1sait, \u00e9s az ingatlanpiac sem ker\u00fclhette el a v\u00e1ltoz\u00e1st. Hogy hatott a kr\u00edzis a piacra, az \u00e1rakra \u00e9s mi\u00e9rt n\u0151tt 66%-kal Szlov\u00e1ki\u00e1ban az ingatlanokkal kapcsolatos befektet\u00e9sek m\u00e9rt\u00e9ke? <\/strong><\/p>\n<p>M\u00edg 2020 elej\u00e9n az ingatlan\u00e1rak a t\u00f6rt\u00e9nelmi maximumhoz k\u00f6zel\u00edtettek, manaps\u00e1g a v\u00e1s\u00e1rl\u00f3k m\u00e1r-m\u00e1r fell\u00e9legezhetnek. Az ingatlan\u00e1rak folyamatos n\u00f6veked\u00e9s\u00e9nek a koronav\u00edrus meg\u00e1lljt parancsolt &#8211; a lak\u00e1sok \u00e9s h\u00e1zak \u00e1rai stabiliz\u00e1l\u00f3dtak. A tart\u00f3san alacsony \u00e1rak \u00e9s a kedvez\u0151 hitel felt\u00e9telek t\u00f6k\u00e9letes alapot adnak a befektet\u00e9shez. Ne szalassza el a k\u00edn\u00e1lkoz\u00f3 lehet\u0151s\u00e9get! <\/p>\n<p>M\u00e9g ha nem is tudjuk, pontosan meddig fog tartani a kr\u00edzis, tudjuk, hogy el\u0151bb-ut\u00f3bb v\u00e9ge lesz, az ingatlan\u00e1rak pedig ism\u00e9t emelkedni fognak. <\/p>\n<p>Haszn\u00e1lja ki a t\u00f6k\u00e9letes alkalmat a befektet\u00e9sre. Tov\u00e1bbra is el\u00e9rhet\u0151 lukrat\u00edv \u00e9p\u00edt\u00e9si telkek, Kom\u00e1rom hat\u00e1r\u00e1ban. V\u00e1lasszon a m\u00e9g szabadon maradt telkekb\u0151l. <\/p>\n","protected":false},"excerpt":{"rendered":"<p>A koronakr\u00edzis \u00e1talak\u00edtotta az emberek v\u00e1s\u00e1rl\u00e1si szok\u00e1sait, \u00e9s az ingatlanpiac sem ker\u00fclhette el a v\u00e1ltoz\u00e1st. Hogy hatott a kr\u00edzis a piacra, az \u00e1rakra \u00e9s mi\u00e9rt n\u0151tt 66%-kal Szlov\u00e1ki\u00e1ban az ingatlanokkal kapcsolatos befektet\u00e9sek m\u00e9rt\u00e9ke? M\u00edg 2020 elej\u00e9n az ingatlan\u00e1rak a t\u00f6rt\u00e9nelmi maximumhoz k\u00f6zel\u00edtettek, manaps\u00e1g a v\u00e1s\u00e1rl\u00f3k m\u00e1r-m\u00e1r fell\u00e9legezhetnek. Az ingatlan\u00e1rak folyamatos n\u00f6veked\u00e9s\u00e9nek a koronav\u00edrus meg\u00e1lljt parancsolt [&hellip;]<\/p>\n","protected":false},"author":1,"featured_media":3276,"comment_status":"open","ping_status":"open","sticky":false,"template":"","format":"standard","meta":{"_acf_changed":false,"inline_featured_image":false,"footnotes":""},"categories":[5],"tags":[],"class_list":["post-3275","post","type-post","status-publish","format-standard","has-post-thumbnail","hentry","category-uncategorized-hu"],"acf":[],"_links":{"self":[{"href":"https:\/\/www.sohopark.sk\/hu\/wp-json\/wp\/v2\/posts\/3275","targetHints":{"allow":["GET"]}}],"collection":[{"href":"https:\/\/www.sohopark.sk\/hu\/wp-json\/wp\/v2\/posts"}],"about":[{"href":"https:\/\/www.sohopark.sk\/hu\/wp-json\/wp\/v2\/types\/post"}],"author":[{"embeddable":true,"href":"https:\/\/www.sohopark.sk\/hu\/wp-json\/wp\/v2\/users\/1"}],"replies":[{"embeddable":true,"href":"https:\/\/www.sohopark.sk\/hu\/wp-json\/wp\/v2\/comments?post=3275"}],"version-history":[{"count":0,"href":"https:\/\/www.sohopark.sk\/hu\/wp-json\/wp\/v2\/posts\/3275\/revisions"}],"wp:featuredmedia":[{"embeddable":true,"href":"https:\/\/www.sohopark.sk\/hu\/wp-json\/wp\/v2\/media\/3276"}],"wp:attachment":[{"href":"https:\/\/www.sohopark.sk\/hu\/wp-json\/wp\/v2\/media?parent=3275"}],"wp:term":[{"taxonomy":"category","embeddable":true,"href":"https:\/\/www.sohopark.sk\/hu\/wp-json\/wp\/v2\/categories?post=3275"},{"taxonomy":"post_tag","embeddable":true,"href":"https:\/\/www.sohopark.sk\/hu\/wp-json\/wp\/v2\/tags?post=3275"}],"curies":[{"name":"wp","href":"https:\/\/api.w.org\/{rel}","templated":true}]}}